{"id":210,"date":"2021-07-23T12:36:41","date_gmt":"2021-07-23T10:36:41","guid":{"rendered":"https:\/\/e-kolarski.pl\/?p=210"},"modified":"2021-07-23T22:42:46","modified_gmt":"2021-07-23T20:42:46","slug":"poznajcie-orbea-alma","status":"publish","type":"post","link":"https:\/\/e-kolarski.pl\/index.php\/2021\/07\/23\/poznajcie-orbea-alma\/","title":{"rendered":"Poznajcie Orbea ALMA"},"content":{"rendered":"<p><b>Orbea Alma<\/b> to hardtail, kt\u00f3ry spe\u0142ni oczekiwania nawet wymagaj\u0105cych kolarzy. <!--more-->Producent postawi\u0142 w nim na sprawdzone rozwi\u0105zania i osprz\u0119t wysokiej jako\u015bci. Taka recepta pozwoli\u0142a na stworzenie niezawodnego roweru MTB, kt\u00f3ry zapewnia bardzo du\u017co przyjemno\u015bci z jazdy. Nadaje si\u0119 zar\u00f3wno do rekreacyjnych wypad\u00f3w poza miasto, jak i nieco dynamiczniejszego pokonywania okolicznych tras.<\/p>\n<p>Aby obejrze\u0107 wszystkie modele lub sprawdzi\u0107 pe\u0142n\u0105 specyfikacj\u0119 konkretnej wersji zapraszamy na stron\u0119 <a href=\"https:\/\/www.orbea.com\/pl-pl\/rowery\/mtb\/alma\/\">ORBEA<\/a><\/p>\n<p><iframe loading=\"lazy\" title=\"NEW ORBEA ALMA. TAKE IT TOO FAR.\" width=\"800\" height=\"450\" src=\"https:\/\/www.youtube.com\/embed\/uSc-FpTjOc4?feature=oembed\" frameborder=\"0\" allow=\"accelerometer; autoplay; clipboard-write; encrypted-media; gyroscope; picture-in-picture\" allowfullscreen><\/iframe><\/p>\n","protected":false},"excerpt":{"rendered":"<p>Orbea Alma to hardtail, kt\u00f3ry spe\u0142ni oczekiwania nawet wymagaj\u0105cych kolarzy.<\/p>\n","protected":false},"author":2,"featured_media":212,"comment_status":"open","ping_status":"open","sticky":false,"template":"","format":"standard","meta":{"footnotes":""},"categories":[13,3],"tags":[14,16,21,20,23,19,22,18,5,15,17],"jetpack_featured_media_url":"https:\/\/e-kolarski.pl\/wp-content\/uploads\/2021\/07\/mtb_alma_2021_fondo.png","rttpg_featured_image_url":{"full":["https:\/\/e-kolarski.pl\/wp-content\/uploads\/2021\/07\/mtb_alma_2021_fondo.png",2000,900,false],"landscape":["https:\/\/e-kolarski.pl\/wp-content\/uploads\/2021\/07\/mtb_alma_2021_fondo.png",2000,900,false],"portraits":["https:\/\/e-kolarski.pl\/wp-content\/uploads\/2021\/07\/mtb_alma_2021_fondo.png",2000,900,false],"thumbnail":["https:\/\/e-kolarski.pl\/wp-content\/uploads\/2021\/07\/mtb_alma_2021_fondo-150x150.png",150,150,true],"medium":["https:\/\/e-kolarski.pl\/wp-content\/uploads\/2021\/07\/mtb_alma_2021_fondo-300x135.png",300,135,true],"large":["https:\/\/e-kolarski.pl\/wp-content\/uploads\/2021\/07\/mtb_alma_2021_fondo-1024x461.png",800,360,true],"1536x1536":["https:\/\/e-kolarski.pl\/wp-content\/uploads\/2021\/07\/mtb_alma_2021_fondo-1536x691.png",1536,691,true],"2048x2048":["https:\/\/e-kolarski.pl\/wp-content\/uploads\/2021\/07\/mtb_alma_2021_fondo.png",2000,900,false],"awb_sm":["https:\/\/e-kolarski.pl\/wp-content\/uploads\/2021\/07\/mtb_alma_2021_fondo-500x225.png",500,225,true],"awb_md":["https:\/\/e-kolarski.pl\/wp-content\/uploads\/2021\/07\/mtb_alma_2021_fondo-800x360.png",800,360,true],"awb_lg":["https:\/\/e-kolarski.pl\/wp-content\/uploads\/2021\/07\/mtb_alma_2021_fondo-1280x576.png",1280,576,true],"awb_xl":["https:\/\/e-kolarski.pl\/wp-content\/uploads\/2021\/07\/mtb_alma_2021_fondo-1920x864.png",1920,864,true]},"rttpg_author":{"display_name":"Przemys\u0142aw P\u00f3\u0142torak","author_link":"https:\/\/e-kolarski.pl\/index.php\/author\/e-kolarski\/"},"rttpg_comment":45,"rttpg_category":"<a href=\"https:\/\/e-kolarski.pl\/index.php\/category\/orbea-alma\/\" rel=\"category tag\">ORBEA ALMA<\/a> <a href=\"https:\/\/e-kolarski.pl\/index.php\/category\/rowery\/\" rel=\"category tag\">Rowery<\/a>","rttpg_excerpt":"Orbea Alma to hardtail, kt\u00f3ry spe\u0142ni oczekiwania nawet wymagaj\u0105cych kolarzy.","_links":{"self":[{"href":"https:\/\/e-kolarski.pl\/index.php\/wp-json\/wp\/v2\/posts\/210"}],"collection":[{"href":"https:\/\/e-kolarski.pl\/index.php\/wp-json\/wp\/v2\/posts"}],"about":[{"href":"https:\/\/e-kolarski.pl\/index.php\/wp-json\/wp\/v2\/types\/post"}],"author":[{"embeddable":true,"href":"https:\/\/e-kolarski.pl\/index.php\/wp-json\/wp\/v2\/users\/2"}],"replies":[{"embeddable":true,"href":"https:\/\/e-kolarski.pl\/index.php\/wp-json\/wp\/v2\/comments?post=210"}],"version-history":[{"count":11,"href":"https:\/\/e-kolarski.pl\/index.php\/wp-json\/wp\/v2\/posts\/210\/revisions"}],"predecessor-version":[{"id":270,"href":"https:\/\/e-kolarski.pl\/index.php\/wp-json\/wp\/v2\/posts\/210\/revisions\/270"}],"wp:featuredmedia":[{"embeddable":true,"href":"https:\/\/e-kolarski.pl\/index.php\/wp-json\/wp\/v2\/media\/212"}],"wp:attachment":[{"href":"https:\/\/e-kolarski.pl\/index.php\/wp-json\/wp\/v2\/media?parent=210"}],"wp:term":[{"taxonomy":"category","embeddable":true,"href":"https:\/\/e-kolarski.pl\/index.php\/wp-json\/wp\/v2\/categories?post=210"},{"taxonomy":"post_tag","embeddable":true,"href":"https:\/\/e-kolarski.pl\/index.php\/wp-json\/wp\/v2\/tags?post=210"}],"curies":[{"name":"wp","href":"https:\/\/api.w.org\/{rel}","templated":true}]}}